{"id":4604,"date":"2025-11-15T00:27:39","date_gmt":"2025-11-14T22:27:39","guid":{"rendered":"https:\/\/tus-honau.de\/?p=4604"},"modified":"2025-11-24T11:12:55","modified_gmt":"2025-11-24T09:12:55","slug":"honauer-zwiebelbaeuch-spielplan-2026","status":"publish","type":"post","link":"https:\/\/tus-honau.de\/?p=4604","title":{"rendered":"Honauer Zwiebelb\u00e4uch \u2013 Spielplan 2026:"},"content":{"rendered":"\n<h3 class=\"wp-block-heading\">\u201eDas verflixt\u0435 Testament\u201c<\/h3>\n\n\n\n<p>Die Theatersaison steht vor der T\u00fcr \u2013 und unsere Honauer Zwiebelb\u00e4uch freuen sich riesig darauf, das Publikum wieder mit viel Humor, Herz und Spielfreude zu begeistern! Im kommenden Jahr steht das Lustspiel <strong>\u201eDas verflixt\u0435 Testament\u201c<\/strong> von Gerhard Geiger auf dem Programm \u2013 eine turbulente Geschichte voller \u00fcberraschender Wendungen, schr\u00e4ger Charaktere und echter Lachgarantie.<\/p>\n\n\n\n<h3 class=\"wp-block-heading\"><strong>Vorstellungen 2026 im Ev. Gemeindehaus Honau<\/strong><\/h3>\n\n\n\n<p><strong>Freitag:<\/strong> 16.1., 23.1., 30.1.<br><strong>Samstag:<\/strong> 17.1., 24.1., 31.1.<br><strong>Sonntag:<\/strong> 18.1. (Sondervorstellung)<\/p>\n\n\n\n<p><strong>Beginn:<\/strong> 19:30 Uhr (Einlass 18:30 Uhr)<br><strong>Ausnahme 18.1.:<\/strong> Beginn 18:00 Uhr (Einlass 17:00 Uhr)<br><strong>Eintritt:<\/strong> 12,00 \u20ac<\/p>\n\n\n\n<h3 class=\"wp-block-heading\"><strong>Kartenvorverkauf<\/strong><\/h3>\n\n\n\n<ul class=\"wp-block-list\">\n<li><strong>So, 30.11.2025 | 11:30 \u2013 15:00 Uhr<\/strong><br>Vorverkaufsfr\u00fchschoppen im Seniorenzentrum<\/li>\n\n\n\n<li><strong>Ab Mo, 1.12.2025<\/strong><br>Kartenverkauf im Seniorenzentrum Martha-Maria in Honau<br><strong>Telefon:<\/strong> 07129 \/ 9285-0<\/li>\n<\/ul>\n\n\n\n<p>Wir laden alle Vereinsmitglieder, Freundinnen und Freunde des Theaters sowie G\u00e4ste aus nah und fern herzlich ein, einen unvergesslichen Theaterabend mit den Honauer Zwiebelb\u00e4uch zu erleben. Wir freuen uns auf eine volle B\u00fchne, ein volles Haus \u2013 und viele sch\u00f6ne gemeinsame Momente!<\/p>\n\n\n\n<figure class=\"wp-block-image size-full\"><img loading=\"lazy\" decoding=\"async\" width=\"1080\" height=\"1483\" src=\"https:\/\/tus-honau.de\/wp-content\/uploads\/2025\/11\/zwiebelbaeuch26-1.jpeg\" alt=\"\" class=\"wp-image-4608\" srcset=\"https:\/\/tus-honau.de\/wp-content\/uploads\/2025\/11\/zwiebelbaeuch26-1.jpeg 1080w, https:\/\/tus-honau.de\/wp-content\/uploads\/2025\/11\/zwiebelbaeuch26-1-980x1346.jpeg 980w, https:\/\/tus-honau.de\/wp-content\/uploads\/2025\/11\/zwiebelbaeuch26-1-480x659.jpeg 480w\" sizes=\"(min-width: 0px) and (max-width: 480px) 480px, (min-width: 481px) and (max-width: 980px) 980px, (min-width: 981px) 1080px, 100vw\" \/><\/figure>\n","protected":false},"excerpt":{"rendered":"<p>\u201eDas verflixt\u0435 Testament\u201c Die Theatersaison steht vor der T\u00fcr \u2013 und unsere Honauer Zwiebelb\u00e4uch freuen sich riesig darauf, das Publikum wieder mit viel Humor, Herz und Spielfreude zu begeistern! Im kommenden Jahr steht das Lustspiel \u201eDas verflixt\u0435 Testament\u201c von Gerhard Geiger auf dem Programm \u2013 eine turbulente Geschichte voller \u00fcberraschender Wendungen, schr\u00e4ger Charaktere und echter [&hellip;]<\/p>\n","protected":false},"author":6,"featured_media":4605,"comment_status":"open","ping_status":"open","sticky":false,"template":"","format":"standard","meta":{"_et_pb_use_builder":"","_et_pb_old_content":"","_et_gb_content_width":"","inline_featured_image":false,"footnotes":""},"categories":[9],"tags":[25,26],"class_list":["post-4604","post","type-post","status-publish","format-standard","has-post-thumbnail","hentry","category-tus-honau","tag-honau","tag-honauer-zwiebelbaeuch"],"_links":{"self":[{"href":"https:\/\/tus-honau.de\/index.php?rest_route=\/wp\/v2\/posts\/4604","targetHints":{"allow":["GET"]}}],"collection":[{"href":"https:\/\/tus-honau.de\/index.php?rest_route=\/wp\/v2\/posts"}],"about":[{"href":"https:\/\/tus-honau.de\/index.php?rest_route=\/wp\/v2\/types\/post"}],"author":[{"embeddable":true,"href":"https:\/\/tus-honau.de\/index.php?rest_route=\/wp\/v2\/users\/6"}],"replies":[{"embeddable":true,"href":"https:\/\/tus-honau.de\/index.php?rest_route=%2Fwp%2Fv2%2Fcomments&post=4604"}],"version-history":[{"count":3,"href":"https:\/\/tus-honau.de\/index.php?rest_route=\/wp\/v2\/posts\/4604\/revisions"}],"predecessor-version":[{"id":4611,"href":"https:\/\/tus-honau.de\/index.php?rest_route=\/wp\/v2\/posts\/4604\/revisions\/4611"}],"wp:featuredmedia":[{"embeddable":true,"href":"https:\/\/tus-honau.de\/index.php?rest_route=\/wp\/v2\/media\/4605"}],"wp:attachment":[{"href":"https:\/\/tus-honau.de\/index.php?rest_route=%2Fwp%2Fv2%2Fmedia&parent=4604"}],"wp:term":[{"taxonomy":"category","embeddable":true,"href":"https:\/\/tus-honau.de\/index.php?rest_route=%2Fwp%2Fv2%2Fcategories&post=4604"},{"taxonomy":"post_tag","embeddable":true,"href":"https:\/\/tus-honau.de\/index.php?rest_route=%2Fwp%2Fv2%2Ftags&post=4604"}],"curies":[{"name":"wp","href":"https:\/\/api.w.org\/{rel}","templated":true}]}}